{"id":308,"date":"2025-07-25T20:32:52","date_gmt":"2025-07-25T20:32:52","guid":{"rendered":"https:\/\/neue-baumpflege.de\/?p=308"},"modified":"2025-07-25T21:33:42","modified_gmt":"2025-07-25T21:33:42","slug":"fokus-veteranen-baeume","status":"publish","type":"post","link":"http:\/\/neue-baumpflege.de\/?p=308","title":{"rendered":"Fokus Veteranen-B\u00e4ume"},"content":{"rendered":"\n<p>Die Arbeitsgemeinschaft NEUE BAUMPFLEGE e. V. startet ein Projekt zur Auffindung und Erfassung von Veteranen-B\u00e4umen.<\/p>\n\n\n\n<p class=\"p1\">Ziel ist&nbsp; es,&nbsp; besondere, alte,&nbsp; \u00f6kologisch&nbsp; wertvolle und&nbsp; kulturhistorisch&nbsp; bedeutsame B\u00e4ume&nbsp; zu&nbsp; identifizieren,&nbsp; zu&nbsp; dokumentieren&nbsp; und&nbsp; ihren&nbsp; Erhalt&nbsp; zu&nbsp; f\u00f6rdern.&nbsp;<\/p>\n\n\n\n<p class=\"p1\">Veteranen-B\u00e4ume sind einzigartige Lebensr\u00e4ume, lebendige Zeugnisse unserer Landschaftsgeschichte sowie Teil unserer kulturellen Tradition. &nbsp; &nbsp;<\/p>\n\n\n\n<p class=\"p1\">Gemeinsam&nbsp; mit&nbsp; Fachleuten&nbsp; und&nbsp; engagierten&nbsp; B\u00fcrger*innen&nbsp; wollen&nbsp; wir&nbsp; den Fokus auf diese B\u00e4ume richten und diese f\u00fcr einen besseren Schutz sichtbar machen.&nbsp;<\/p>\n\n\n\n<p><\/p>\n\n\n\n<p class=\"p1\">Gegenstand des Projektes sind daher auch, aber weniger bereits bekannte oder ber\u00fchmte B\u00e4ume,&nbsp; z. B.&nbsp; Champion-Trees oder Nationalerbe-B\u00e4ume, zumindest dann nicht, wenn diese hierdurch bereits einer guten fachlichen Betreuung und gesicherten Er- und Unterhaltung unterliegen.<\/p>\n\n\n\n<p class=\"p1\">Im Fokus sind eher bisher weniger&nbsp; beachtete B\u00e4ume , welche eines besseren Schutzes und einer Steigerung der \u00f6ffentlichen Wertsch\u00e4tzung&nbsp; bed\u00fcrfen. &nbsp; &nbsp;<\/p>\n\n\n\n<p class=\"p2\">&nbsp;<\/p>\n\n\n\n<figure class=\"wp-block-image size-large\"><img loading=\"lazy\" decoding=\"async\" width=\"1024\" height=\"765\" src=\"https:\/\/neue-baumpflege.de\/wp-content\/uploads\/2025\/07\/img_1682-1024x765.jpg\" alt=\"\" class=\"wp-image-307\" srcset=\"http:\/\/neue-baumpflege.de\/wp-content\/uploads\/2025\/07\/img_1682-1024x765.jpg 1024w, http:\/\/neue-baumpflege.de\/wp-content\/uploads\/2025\/07\/img_1682-300x224.jpg 300w, http:\/\/neue-baumpflege.de\/wp-content\/uploads\/2025\/07\/img_1682-768x574.jpg 768w, http:\/\/neue-baumpflege.de\/wp-content\/uploads\/2025\/07\/img_1682-1536x1147.jpg 1536w, http:\/\/neue-baumpflege.de\/wp-content\/uploads\/2025\/07\/img_1682-361x270.jpg 361w, http:\/\/neue-baumpflege.de\/wp-content\/uploads\/2025\/07\/img_1682.jpg 2000w\" sizes=\"auto, (max-width: 1024px) 100vw, 1024px\" \/><figcaption class=\"wp-element-caption\">Die \u201eGerichts-Linde\u201c am Schloss Augustusburg, Erzgebirge <\/figcaption><\/figure>\n\n\n\n<p class=\"p1\">Ziel ist der Aufbau einer Datenbank f\u00fcr Veteranen-B\u00e4ume&nbsp; und der Erstellung eines \u00f6ffentlich&nbsp; zug\u00e4nglichem&nbsp; Verzeichnisses, beides&nbsp; als&nbsp; Grundlage&nbsp; f\u00fcr einen besseren&nbsp; Schutz, &nbsp; Pflege&nbsp; und die langfristige Erhaltung dieser besonderen B\u00e4ume.&nbsp; &nbsp;<\/p>\n\n\n\n<p class=\"p1\">Hinweise&nbsp; auf&nbsp; bemerkenswerte&nbsp; Baumindividuen&nbsp; nehmen&nbsp; wir&nbsp; gern&nbsp; entgegen.&nbsp;<\/p>\n\n\n\n<p class=\"p1\">Beteiligen Sie sie&nbsp; sich, machen Sie mit!<\/p>\n\n\n\n<p class=\"p1\"><a href=\"https:\/\/neue-baumpflege.de\/?p=310\">Veteranen-B\u00e4ume finden und erkennen<\/a>.<\/p>\n\n\n\n<p class=\"p1\">Suchen und Finden Sie Veteranen-B\u00e4ume in ihrer Umgebung , ihrem Arbeitsbereich oder auf Ihren Reisen. &nbsp;<\/p>\n\n\n\n<p class=\"p1\"><a href=\"https:\/\/baumlandholz.de\/apps\/forms\/s\/XD9LFnKnbraH4zFAPCaDkdA9\" target=\"_blank\" rel=\"noreferrer noopener\">Dokumentieren&nbsp; Sie&nbsp; Ihren Veteranen-Baum in der Datenbank.<\/a><\/p>\n\n\n\n<p class=\"p1\">Teilen und Verbreiten Sie die Initative.&nbsp;<\/p>\n","protected":false},"excerpt":{"rendered":"<p>Die Arbeitsgemeinschaft NEUE BAUMPFLEGE e. V. startet ein Projekt zur Auffindung und Erfassung von Veteranen-B\u00e4umen. Ziel ist&nbsp; es,&nbsp; besondere, alte,&nbsp; \u00f6kologisch&nbsp; wertvolle und&nbsp; kulturhistorisch&nbsp; bedeutsame B\u00e4ume&nbsp; zu&nbsp; identifizieren,&nbsp; zu&nbsp; dokumentieren&nbsp; und&nbsp; ihren&nbsp; Erhalt&nbsp; zu&nbsp; f\u00f6rdern.&nbsp; Veteranen-B\u00e4ume sind einzigartige Lebensr\u00e4ume, lebendige Zeugnisse unserer Landschaftsgeschichte sowie Teil unserer kulturellen Tradition. &nbsp; &nbsp; Gemeinsam&nbsp; mit&nbsp; Fachleuten&nbsp; und&nbsp; engagierten&nbsp; B\u00fcrger*innen&nbsp; wollen&nbsp; wir&nbsp; den Fokus auf diese B\u00e4ume richten und diese f\u00fcr einen besseren Schutz sichtbar machen.&nbsp; Gegenstand des Projektes sind daher auch, aber weniger&#8230;<\/p>\n<p class=\"read-more\"><a class=\"btn btn-default\" href=\"http:\/\/neue-baumpflege.de\/?p=308\">Weiterlesen<span class=\"screen-reader-text\"> Weiterlesen<\/span><\/a><\/p>\n","protected":false},"author":1,"featured_media":312,"comment_status":"closed","ping_status":"open","sticky":true,"template":"","format":"standard","meta":{"footnotes":""},"categories":[23,4,8,6],"tags":[30,26,11,29,37],"class_list":["post-308","post","type-post","status-publish","format-standard","has-post-thumbnail","hentry","category-aktivitaeten","category-baum","category-expertenpool","category-projekte","tag-alt-baum-erhaltung","tag-besonderer-baum","tag-caspar-david-friedrich","tag-sicherung-von-biodiversitaet","tag-veteranen-baeume"],"jetpack_featured_media_url":"http:\/\/neue-baumpflege.de\/wp-content\/uploads\/2025\/07\/img_0673.jpg","_links":{"self":[{"href":"http:\/\/neue-baumpflege.de\/index.php?rest_route=\/wp\/v2\/posts\/308","targetHints":{"allow":["GET"]}}],"collection":[{"href":"http:\/\/neue-baumpflege.de\/index.php?rest_route=\/wp\/v2\/posts"}],"about":[{"href":"http:\/\/neue-baumpflege.de\/index.php?rest_route=\/wp\/v2\/types\/post"}],"author":[{"embeddable":true,"href":"http:\/\/neue-baumpflege.de\/index.php?rest_route=\/wp\/v2\/users\/1"}],"replies":[{"embeddable":true,"href":"http:\/\/neue-baumpflege.de\/index.php?rest_route=%2Fwp%2Fv2%2Fcomments&post=308"}],"version-history":[{"count":5,"href":"http:\/\/neue-baumpflege.de\/index.php?rest_route=\/wp\/v2\/posts\/308\/revisions"}],"predecessor-version":[{"id":322,"href":"http:\/\/neue-baumpflege.de\/index.php?rest_route=\/wp\/v2\/posts\/308\/revisions\/322"}],"wp:featuredmedia":[{"embeddable":true,"href":"http:\/\/neue-baumpflege.de\/index.php?rest_route=\/wp\/v2\/media\/312"}],"wp:attachment":[{"href":"http:\/\/neue-baumpflege.de\/index.php?rest_route=%2Fwp%2Fv2%2Fmedia&parent=308"}],"wp:term":[{"taxonomy":"category","embeddable":true,"href":"http:\/\/neue-baumpflege.de\/index.php?rest_route=%2Fwp%2Fv2%2Fcategories&post=308"},{"taxonomy":"post_tag","embeddable":true,"href":"http:\/\/neue-baumpflege.de\/index.php?rest_route=%2Fwp%2Fv2%2Ftags&post=308"}],"curies":[{"name":"wp","href":"https:\/\/api.w.org\/{rel}","templated":true}]}}